{"id":3035,"date":"2025-09-01T07:00:00","date_gmt":"2025-09-01T07:00:00","guid":{"rendered":"https:\/\/imagenglobal.org.mx\/?p=3035"},"modified":"2025-08-28T20:56:25","modified_gmt":"2025-08-28T20:56:25","slug":"klebsiella-pneumoniae-un-desafio-emergente-en-la-salud-publica-mundial","status":"publish","type":"post","link":"https:\/\/imagenglobal.org.mx\/index.php\/2025\/09\/01\/klebsiella-pneumoniae-un-desafio-emergente-en-la-salud-publica-mundial\/","title":{"rendered":"Klebsiella pneumoniae: Un Desaf\u00edo Emergente en la Salud P\u00fablica Mundial"},"content":{"rendered":"\n<p>Mart\u00ednez Salazar MG, <em>Departamento de Inmunobioqu\u00edmica<\/em>, <em>INPer<\/em>, Villavicencio Carrisoza O,<br><em>Departamento de Inmunobioqu\u00edmica, INPer<\/em>, Villeda Gabriel G, <em>Departamento de Infectolog\u00eda e<br>Inmunolog\u00eda, INPer<\/em>, Figueroa Dami\u00e1n R, <em>Subdirecci\u00f3n de Investigaci\u00f3n Cl\u00ednica, INPer<\/em>,<br>Helguera Repetto AC,<em> Departamento de Inmunobioqu\u00edmica, INPer<\/em>.<\/p>\n\n\n\n<p>Klebsiella pneumoniae (Kpn) es una bacteria gramnegativa no m\u00f3vil y anaerobia facultativa de gran relevancia cl\u00ednica, identificada por C. Friedlander en 1882 <sup>[1, 2]<\/sup>. Kpn coloniza diversos sitios en el cuerpo humano, como el tracto intestinal y la genital. Es un pat\u00f3geno responsable de infecciones en poblaciones vulnerables, como neonatos, pacientes con diabetes o personas inmunosuprimidas <sup>[3]<\/sup>. Klebsiella pneumoniae es un pat\u00f3geno responsable de una significativa proporci\u00f3n de infecciones Asociadas a la Atenci\u00f3n en la Salud (IAAS), representando entre el 4% y el 8% de los casos. En las unidades de cuidados intensivos, la tasa de mortalidad asociada con K. pneumoniae oscila entre el 18% y el 68%, afectando particularmente a neonatos prematuros debido a su sistema inmunol\u00f3gico subdesarrollado <sup>[3]<\/sup>.<\/p>\n\n\n\n<p>Los antibi\u00f3ticos com\u00fanmente prescritos est\u00e1n perdiendo efectividad contra Kpn debido a sus m\u00faltiples mecanismos de resistencia. Esta situaci\u00f3n es especialmente grave en entornos hospitalarios, donde las opciones terap\u00e9uticas para tratar infecciones por Kpn son cada vez m\u00e1s limitadas. El incremento de la resistencia antimicrobiana es un problema creciente y preocupante a nivel mundial. El Grupo de Coordinaci\u00f3n Interorganismos sobre Resistencia a los Antimicrobianos (IACG, por sus siglas en ingl\u00e9s) de las Naciones Unidas advierte que, de no tomarse medidas, las enfermedades farmacorresistentes podr\u00edan causar hasta 10 millones de muertes anuales para 2050. En 2024, Klebsiella pneumoniae encabeza la lista de bacterias prioritarias debido a su alto nivel de multirresistencia a f\u00e1rmacos<sup> [4, 5]<\/sup>.<\/p>\n\n\n\n<p>Te invitamos a continuar con la lectura en la\u00a0<a href=\"https:\/\/imagenglobal.org.mx\/wp-content\/uploads\/2025\/08\/DOMUS-MEDICORUM-no.19-2.pdf\">p\u00e1gina 15 de Domus Medicorum<\/a><\/p>\n\n\n\n<p><\/p>\n<div class=\"pvc_clear\"><\/div><p id=\"pvc_stats_3035\" class=\"pvc_stats all  \" data-element-id=\"3035\" style=\"\"><i class=\"pvc-stats-icon small\" aria-hidden=\"true\"><svg xmlns=\"http:\/\/www.w3.org\/2000\/svg\" version=\"1.0\" viewBox=\"0 0 502 315\" preserveAspectRatio=\"xMidYMid meet\"><g transform=\"translate(0,332) scale(0.1,-0.1)\" fill=\"\" stroke=\"none\"><path d=\"M2394 3279 l-29 -30 -3 -207 c-2 -182 0 -211 15 -242 39 -76 157 -76 196 0 15 31 17 60 15 243 l-3 209 -33 29 c-26 23 -41 29 -80 29 -41 0 -53 -5 -78 -31z\"\/><path d=\"M3085 3251 c-45 -19 -58 -50 -96 -229 -47 -217 -49 -260 -13 -295 52 -53 146 -42 177 20 16 31 87 366 87 410 0 70 -86 122 -155 94z\"\/><path d=\"M1751 3234 c-13 -9 -29 -31 -37 -50 -12 -29 -10 -49 21 -204 19 -94 39 -189 45 -210 14 -50 54 -80 110 -80 34 0 48 6 76 34 21 21 34 44 34 59 0 14 -18 113 -40 219 -37 178 -43 195 -70 221 -36 32 -101 37 -139 11z\"\/><path d=\"M1163 3073 c-36 -7 -73 -59 -73 -102 0 -56 133 -378 171 -413 34 -32 83 -37 129 -13 70 36 67 87 -16 290 -86 209 -89 214 -129 231 -35 14 -42 15 -82 7z\"\/><path d=\"M3689 3066 c-15 -9 -33 -30 -42 -48 -48 -103 -147 -355 -147 -375 0 -98 131 -148 192 -74 13 15 57 108 97 206 80 196 84 226 37 273 -30 30 -99 39 -137 18z\"\/><path d=\"M583 2784 c-38 -19 -67 -74 -58 -113 9 -42 211 -354 242 -373 16 -10 45 -18 66 -18 51 0 107 52 107 100 0 39 -1 41 -124 234 -80 126 -108 162 -133 173 -41 17 -61 16 -100 -3z\"\/><path d=\"M4250 2784 c-14 -9 -74 -91 -133 -183 -95 -150 -107 -173 -107 -213 0 -55 33 -94 87 -104 67 -13 90 8 211 198 130 202 137 225 78 284 -27 27 -42 34 -72 34 -22 0 -50 -8 -64 -16z\"\/><path d=\"M2275 2693 c-553 -48 -1095 -270 -1585 -649 -135 -104 -459 -423 -483 -476 -23 -49 -22 -139 2 -186 73 -142 361 -457 571 -626 285 -228 642 -407 990 -497 242 -63 336 -73 660 -74 310 0 370 5 595 52 535 111 1045 392 1455 803 122 121 250 273 275 326 19 41 19 137 0 174 -41 79 -309 363 -465 492 -447 370 -946 591 -1479 653 -113 14 -422 18 -536 8z m395 -428 c171 -34 330 -124 456 -258 112 -119 167 -219 211 -378 27 -96 24 -300 -5 -401 -72 -255 -236 -447 -474 -557 -132 -62 -201 -76 -368 -76 -167 0 -236 14 -368 76 -213 98 -373 271 -451 485 -162 444 86 934 547 1084 153 49 292 57 452 25z m909 -232 c222 -123 408 -262 593 -441 76 -74 138 -139 138 -144 0 -16 -233 -242 -330 -319 -155 -123 -309 -223 -461 -299 l-81 -41 32 46 c18 26 49 83 70 128 143 306 141 649 -6 957 -25 52 -61 116 -79 142 l-34 47 45 -20 c26 -10 76 -36 113 -56z m-2057 25 c-40 -58 -105 -190 -130 -263 -110 -324 -59 -707 132 -981 25 -35 42 -64 37 -64 -19 0 -241 119 -326 174 -188 122 -406 314 -532 468 l-58 71 108 103 c185 178 428 349 672 473 66 33 121 60 123 61 2 0 -10 -19 -26 -42z\"\/><path d=\"M2375 1950 c-198 -44 -350 -190 -395 -379 -18 -76 -8 -221 19 -290 114 -284 457 -406 731 -260 98 52 188 154 231 260 27 69 37 214 19 290 -38 163 -166 304 -326 360 -67 23 -215 33 -279 19z\"\/><\/g><\/svg><\/i> <img decoding=\"async\" width=\"16\" height=\"16\" alt=\"Loading\" src=\"https:\/\/imagenglobal.org.mx\/wp-content\/plugins\/page-views-count\/ajax-loader-2x.gif\" border=0 \/><\/p><div class=\"pvc_clear\"><\/div>","protected":false},"excerpt":{"rendered":"<p>Mart\u00ednez Salazar MG, Departamento de Inmunobioqu\u00edmica, INPer, Villavicencio Carrisoza O,Departamento de Inmunobioqu\u00edmica, INPer, Villeda Gabriel G, Departamento de Infectolog\u00eda eInmunolog\u00eda, INPer, Figueroa Dami\u00e1n R, Subdirecci\u00f3n de Investigaci\u00f3n Cl\u00ednica, INPer,Helguera Repetto AC, Departamento de Inmunobioqu\u00edmica, INPer. Klebsiella pneumoniae (Kpn) es una bacteria gramnegativa no m\u00f3vil y anaerobia facultativa de gran relevancia cl\u00ednica, identificada por C. Friedlander&hellip; <br \/> <a class=\"read-more\" href=\"https:\/\/imagenglobal.org.mx\/index.php\/2025\/09\/01\/klebsiella-pneumoniae-un-desafio-emergente-en-la-salud-publica-mundial\/\">Leer m\u00e1s<\/a><\/p>\n<div class=\"pvc_clear\"><\/div>\n<p id=\"pvc_stats_3035\" class=\"pvc_stats all  \" data-element-id=\"3035\" style=\"\"><i class=\"pvc-stats-icon small\" aria-hidden=\"true\"><svg xmlns=\"http:\/\/www.w3.org\/2000\/svg\" version=\"1.0\" viewBox=\"0 0 502 315\" preserveAspectRatio=\"xMidYMid meet\"><g transform=\"translate(0,332) scale(0.1,-0.1)\" fill=\"\" stroke=\"none\"><path d=\"M2394 3279 l-29 -30 -3 -207 c-2 -182 0 -211 15 -242 39 -76 157 -76 196 0 15 31 17 60 15 243 l-3 209 -33 29 c-26 23 -41 29 -80 29 -41 0 -53 -5 -78 -31z\"\/><path d=\"M3085 3251 c-45 -19 -58 -50 -96 -229 -47 -217 -49 -260 -13 -295 52 -53 146 -42 177 20 16 31 87 366 87 410 0 70 -86 122 -155 94z\"\/><path d=\"M1751 3234 c-13 -9 -29 -31 -37 -50 -12 -29 -10 -49 21 -204 19 -94 39 -189 45 -210 14 -50 54 -80 110 -80 34 0 48 6 76 34 21 21 34 44 34 59 0 14 -18 113 -40 219 -37 178 -43 195 -70 221 -36 32 -101 37 -139 11z\"\/><path d=\"M1163 3073 c-36 -7 -73 -59 -73 -102 0 -56 133 -378 171 -413 34 -32 83 -37 129 -13 70 36 67 87 -16 290 -86 209 -89 214 -129 231 -35 14 -42 15 -82 7z\"\/><path d=\"M3689 3066 c-15 -9 -33 -30 -42 -48 -48 -103 -147 -355 -147 -375 0 -98 131 -148 192 -74 13 15 57 108 97 206 80 196 84 226 37 273 -30 30 -99 39 -137 18z\"\/><path d=\"M583 2784 c-38 -19 -67 -74 -58 -113 9 -42 211 -354 242 -373 16 -10 45 -18 66 -18 51 0 107 52 107 100 0 39 -1 41 -124 234 -80 126 -108 162 -133 173 -41 17 -61 16 -100 -3z\"\/><path d=\"M4250 2784 c-14 -9 -74 -91 -133 -183 -95 -150 -107 -173 -107 -213 0 -55 33 -94 87 -104 67 -13 90 8 211 198 130 202 137 225 78 284 -27 27 -42 34 -72 34 -22 0 -50 -8 -64 -16z\"\/><path d=\"M2275 2693 c-553 -48 -1095 -270 -1585 -649 -135 -104 -459 -423 -483 -476 -23 -49 -22 -139 2 -186 73 -142 361 -457 571 -626 285 -228 642 -407 990 -497 242 -63 336 -73 660 -74 310 0 370 5 595 52 535 111 1045 392 1455 803 122 121 250 273 275 326 19 41 19 137 0 174 -41 79 -309 363 -465 492 -447 370 -946 591 -1479 653 -113 14 -422 18 -536 8z m395 -428 c171 -34 330 -124 456 -258 112 -119 167 -219 211 -378 27 -96 24 -300 -5 -401 -72 -255 -236 -447 -474 -557 -132 -62 -201 -76 -368 -76 -167 0 -236 14 -368 76 -213 98 -373 271 -451 485 -162 444 86 934 547 1084 153 49 292 57 452 25z m909 -232 c222 -123 408 -262 593 -441 76 -74 138 -139 138 -144 0 -16 -233 -242 -330 -319 -155 -123 -309 -223 -461 -299 l-81 -41 32 46 c18 26 49 83 70 128 143 306 141 649 -6 957 -25 52 -61 116 -79 142 l-34 47 45 -20 c26 -10 76 -36 113 -56z m-2057 25 c-40 -58 -105 -190 -130 -263 -110 -324 -59 -707 132 -981 25 -35 42 -64 37 -64 -19 0 -241 119 -326 174 -188 122 -406 314 -532 468 l-58 71 108 103 c185 178 428 349 672 473 66 33 121 60 123 61 2 0 -10 -19 -26 -42z\"\/><path d=\"M2375 1950 c-198 -44 -350 -190 -395 -379 -18 -76 -8 -221 19 -290 114 -284 457 -406 731 -260 98 52 188 154 231 260 27 69 37 214 19 290 -38 163 -166 304 -326 360 -67 23 -215 33 -279 19z\"\/><\/g><\/svg><\/i> <img decoding=\"async\" width=\"16\" height=\"16\" alt=\"Loading\" src=\"https:\/\/imagenglobal.org.mx\/wp-content\/plugins\/page-views-count\/ajax-loader-2x.gif\" border=0 \/><\/p>\n<div class=\"pvc_clear\"><\/div>\n","protected":false},"author":1,"featured_media":3036,"comment_status":"open","ping_status":"closed","sticky":false,"template":"","format":"standard","meta":{"footnotes":""},"categories":[2],"tags":[50,51,52,55],"class_list":["post-3035","post","type-post","status-publish","format-standard","has-post-thumbnail","hentry","category-articulos","tag-domus-medicorum","tag-inper","tag-instituto-nacional-de-perinatologia-isidro-espinosa-de-los-reyes","tag-klebsiella-pneumoniae"],"a3_pvc":{"activated":true,"total_views":290,"today_views":1},"yoast_head":"<!-- This site is optimized with the Yoast SEO plugin v27.5 - https:\/\/yoast.com\/product\/yoast-seo-wordpress\/ -->\n<title>Klebsiella pneumoniae: Un Desaf\u00edo Emergente en la Salud P\u00fablica Mundial - ImagenGlobal<\/title>\n<meta name=\"robots\" content=\"index, follow, max-snippet:-1, max-image-preview:large, max-video-preview:-1\" \/>\n<link rel=\"canonical\" href=\"https:\/\/imagenglobal.org.mx\/index.php\/2025\/09\/01\/klebsiella-pneumoniae-un-desafio-emergente-en-la-salud-publica-mundial\/\" \/>\n<meta property=\"og:locale\" content=\"es_ES\" \/>\n<meta property=\"og:type\" content=\"article\" \/>\n<meta property=\"og:title\" content=\"Klebsiella pneumoniae: Un Desaf\u00edo Emergente en la Salud P\u00fablica Mundial - ImagenGlobal\" \/>\n<meta property=\"og:description\" content=\"Mart\u00ednez Salazar MG, Departamento de Inmunobioqu\u00edmica, INPer, Villavicencio Carrisoza O,Departamento de Inmunobioqu\u00edmica, INPer, Villeda Gabriel G, Departamento de Infectolog\u00eda eInmunolog\u00eda, INPer, Figueroa Dami\u00e1n R, Subdirecci\u00f3n de Investigaci\u00f3n Cl\u00ednica, INPer,Helguera Repetto AC, Departamento de Inmunobioqu\u00edmica, INPer. Klebsiella pneumoniae (Kpn) es una bacteria gramnegativa no m\u00f3vil y anaerobia facultativa de gran relevancia cl\u00ednica, identificada por C. Friedlander&hellip; Leer m\u00e1s\" \/>\n<meta property=\"og:url\" content=\"https:\/\/imagenglobal.org.mx\/index.php\/2025\/09\/01\/klebsiella-pneumoniae-un-desafio-emergente-en-la-salud-publica-mundial\/\" \/>\n<meta property=\"og:site_name\" content=\"ImagenGlobal\" \/>\n<meta property=\"article:published_time\" content=\"2025-09-01T07:00:00+00:00\" \/>\n<meta property=\"og:image\" content=\"https:\/\/imagenglobal.org.mx\/wp-content\/uploads\/2025\/08\/Klebsiella-pneumoniae.jpg\" \/>\n\t<meta property=\"og:image:width\" content=\"1200\" \/>\n\t<meta property=\"og:image:height\" content=\"675\" \/>\n\t<meta property=\"og:image:type\" content=\"image\/jpeg\" \/>\n<meta name=\"author\" content=\"admin\" \/>\n<meta name=\"twitter:card\" content=\"summary_large_image\" \/>\n<meta name=\"twitter:label1\" content=\"Escrito por\" \/>\n\t<meta name=\"twitter:data1\" content=\"admin\" \/>\n\t<meta name=\"twitter:label2\" content=\"Tiempo de lectura\" \/>\n\t<meta name=\"twitter:data2\" content=\"1 minuto\" \/>\n<script type=\"application\/ld+json\" class=\"yoast-schema-graph\">{\"@context\":\"https:\\\/\\\/schema.org\",\"@graph\":[{\"@type\":\"Article\",\"@id\":\"https:\\\/\\\/imagenglobal.org.mx\\\/index.php\\\/2025\\\/09\\\/01\\\/klebsiella-pneumoniae-un-desafio-emergente-en-la-salud-publica-mundial\\\/#article\",\"isPartOf\":{\"@id\":\"https:\\\/\\\/imagenglobal.org.mx\\\/index.php\\\/2025\\\/09\\\/01\\\/klebsiella-pneumoniae-un-desafio-emergente-en-la-salud-publica-mundial\\\/\"},\"author\":{\"name\":\"admin\",\"@id\":\"https:\\\/\\\/imagenglobal.org.mx\\\/#\\\/schema\\\/person\\\/f9a554ce4f98a96d314dbb0edccd73f8\"},\"headline\":\"Klebsiella pneumoniae: Un Desaf\u00edo Emergente en la Salud P\u00fablica Mundial\",\"datePublished\":\"2025-09-01T07:00:00+00:00\",\"mainEntityOfPage\":{\"@id\":\"https:\\\/\\\/imagenglobal.org.mx\\\/index.php\\\/2025\\\/09\\\/01\\\/klebsiella-pneumoniae-un-desafio-emergente-en-la-salud-publica-mundial\\\/\"},\"wordCount\":310,\"commentCount\":0,\"publisher\":{\"@id\":\"https:\\\/\\\/imagenglobal.org.mx\\\/#organization\"},\"image\":{\"@id\":\"https:\\\/\\\/imagenglobal.org.mx\\\/index.php\\\/2025\\\/09\\\/01\\\/klebsiella-pneumoniae-un-desafio-emergente-en-la-salud-publica-mundial\\\/#primaryimage\"},\"thumbnailUrl\":\"https:\\\/\\\/imagenglobal.org.mx\\\/wp-content\\\/uploads\\\/2025\\\/08\\\/Klebsiella-pneumoniae.jpg\",\"keywords\":[\"Domus Medicorum\",\"INPer\",\"Instituto Nacional de Perinatolog\u00eda Isidro Espinosa de los Reyes\",\"Klebsiella pneumoniae\"],\"articleSection\":[\"Art\u00edculos\"],\"inLanguage\":\"es\",\"potentialAction\":[{\"@type\":\"CommentAction\",\"name\":\"Comment\",\"target\":[\"https:\\\/\\\/imagenglobal.org.mx\\\/index.php\\\/2025\\\/09\\\/01\\\/klebsiella-pneumoniae-un-desafio-emergente-en-la-salud-publica-mundial\\\/#respond\"]}]},{\"@type\":\"WebPage\",\"@id\":\"https:\\\/\\\/imagenglobal.org.mx\\\/index.php\\\/2025\\\/09\\\/01\\\/klebsiella-pneumoniae-un-desafio-emergente-en-la-salud-publica-mundial\\\/\",\"url\":\"https:\\\/\\\/imagenglobal.org.mx\\\/index.php\\\/2025\\\/09\\\/01\\\/klebsiella-pneumoniae-un-desafio-emergente-en-la-salud-publica-mundial\\\/\",\"name\":\"Klebsiella pneumoniae: Un Desaf\u00edo Emergente en la Salud P\u00fablica Mundial - ImagenGlobal\",\"isPartOf\":{\"@id\":\"https:\\\/\\\/imagenglobal.org.mx\\\/#website\"},\"primaryImageOfPage\":{\"@id\":\"https:\\\/\\\/imagenglobal.org.mx\\\/index.php\\\/2025\\\/09\\\/01\\\/klebsiella-pneumoniae-un-desafio-emergente-en-la-salud-publica-mundial\\\/#primaryimage\"},\"image\":{\"@id\":\"https:\\\/\\\/imagenglobal.org.mx\\\/index.php\\\/2025\\\/09\\\/01\\\/klebsiella-pneumoniae-un-desafio-emergente-en-la-salud-publica-mundial\\\/#primaryimage\"},\"thumbnailUrl\":\"https:\\\/\\\/imagenglobal.org.mx\\\/wp-content\\\/uploads\\\/2025\\\/08\\\/Klebsiella-pneumoniae.jpg\",\"datePublished\":\"2025-09-01T07:00:00+00:00\",\"breadcrumb\":{\"@id\":\"https:\\\/\\\/imagenglobal.org.mx\\\/index.php\\\/2025\\\/09\\\/01\\\/klebsiella-pneumoniae-un-desafio-emergente-en-la-salud-publica-mundial\\\/#breadcrumb\"},\"inLanguage\":\"es\",\"potentialAction\":[{\"@type\":\"ReadAction\",\"target\":[\"https:\\\/\\\/imagenglobal.org.mx\\\/index.php\\\/2025\\\/09\\\/01\\\/klebsiella-pneumoniae-un-desafio-emergente-en-la-salud-publica-mundial\\\/\"]}]},{\"@type\":\"ImageObject\",\"inLanguage\":\"es\",\"@id\":\"https:\\\/\\\/imagenglobal.org.mx\\\/index.php\\\/2025\\\/09\\\/01\\\/klebsiella-pneumoniae-un-desafio-emergente-en-la-salud-publica-mundial\\\/#primaryimage\",\"url\":\"https:\\\/\\\/imagenglobal.org.mx\\\/wp-content\\\/uploads\\\/2025\\\/08\\\/Klebsiella-pneumoniae.jpg\",\"contentUrl\":\"https:\\\/\\\/imagenglobal.org.mx\\\/wp-content\\\/uploads\\\/2025\\\/08\\\/Klebsiella-pneumoniae.jpg\",\"width\":1200,\"height\":675},{\"@type\":\"BreadcrumbList\",\"@id\":\"https:\\\/\\\/imagenglobal.org.mx\\\/index.php\\\/2025\\\/09\\\/01\\\/klebsiella-pneumoniae-un-desafio-emergente-en-la-salud-publica-mundial\\\/#breadcrumb\",\"itemListElement\":[{\"@type\":\"ListItem\",\"position\":1,\"name\":\"Portada\",\"item\":\"https:\\\/\\\/imagenglobal.org.mx\\\/\"},{\"@type\":\"ListItem\",\"position\":2,\"name\":\"Klebsiella pneumoniae: Un Desaf\u00edo Emergente en la Salud P\u00fablica Mundial\"}]},{\"@type\":\"WebSite\",\"@id\":\"https:\\\/\\\/imagenglobal.org.mx\\\/#website\",\"url\":\"https:\\\/\\\/imagenglobal.org.mx\\\/\",\"name\":\"ImagenGlobal\",\"description\":\"Imagen Global\",\"publisher\":{\"@id\":\"https:\\\/\\\/imagenglobal.org.mx\\\/#organization\"},\"potentialAction\":[{\"@type\":\"SearchAction\",\"target\":{\"@type\":\"EntryPoint\",\"urlTemplate\":\"https:\\\/\\\/imagenglobal.org.mx\\\/?s={search_term_string}\"},\"query-input\":{\"@type\":\"PropertyValueSpecification\",\"valueRequired\":true,\"valueName\":\"search_term_string\"}}],\"inLanguage\":\"es\"},{\"@type\":\"Organization\",\"@id\":\"https:\\\/\\\/imagenglobal.org.mx\\\/#organization\",\"name\":\"ImagenGlobal\",\"url\":\"https:\\\/\\\/imagenglobal.org.mx\\\/\",\"logo\":{\"@type\":\"ImageObject\",\"inLanguage\":\"es\",\"@id\":\"https:\\\/\\\/imagenglobal.org.mx\\\/#\\\/schema\\\/logo\\\/image\\\/\",\"url\":\"https:\\\/\\\/imagenglobal.org.mx\\\/wp-content\\\/uploads\\\/2025\\\/02\\\/LOGO-IG-Trace-White.png\",\"contentUrl\":\"https:\\\/\\\/imagenglobal.org.mx\\\/wp-content\\\/uploads\\\/2025\\\/02\\\/LOGO-IG-Trace-White.png\",\"width\":829,\"height\":842,\"caption\":\"ImagenGlobal\"},\"image\":{\"@id\":\"https:\\\/\\\/imagenglobal.org.mx\\\/#\\\/schema\\\/logo\\\/image\\\/\"}},{\"@type\":\"Person\",\"@id\":\"https:\\\/\\\/imagenglobal.org.mx\\\/#\\\/schema\\\/person\\\/f9a554ce4f98a96d314dbb0edccd73f8\",\"name\":\"admin\",\"image\":{\"@type\":\"ImageObject\",\"inLanguage\":\"es\",\"@id\":\"https:\\\/\\\/secure.gravatar.com\\\/avatar\\\/bba0a366823399c590ad685ce93cc29b12b2b5a68bb3a5cefcd3f8ba6a3c2c95?s=96&d=mm&r=g\",\"url\":\"https:\\\/\\\/secure.gravatar.com\\\/avatar\\\/bba0a366823399c590ad685ce93cc29b12b2b5a68bb3a5cefcd3f8ba6a3c2c95?s=96&d=mm&r=g\",\"contentUrl\":\"https:\\\/\\\/secure.gravatar.com\\\/avatar\\\/bba0a366823399c590ad685ce93cc29b12b2b5a68bb3a5cefcd3f8ba6a3c2c95?s=96&d=mm&r=g\",\"caption\":\"admin\"},\"sameAs\":[\"https:\\\/\\\/imagenglobal.org.mx\"],\"url\":\"https:\\\/\\\/imagenglobal.org.mx\\\/index.php\\\/author\\\/admin_i6njozga\\\/\"}]}<\/script>\n<!-- \/ Yoast SEO plugin. -->","yoast_head_json":{"title":"Klebsiella pneumoniae: Un Desaf\u00edo Emergente en la Salud P\u00fablica Mundial - ImagenGlobal","robots":{"index":"index","follow":"follow","max-snippet":"max-snippet:-1","max-image-preview":"max-image-preview:large","max-video-preview":"max-video-preview:-1"},"canonical":"https:\/\/imagenglobal.org.mx\/index.php\/2025\/09\/01\/klebsiella-pneumoniae-un-desafio-emergente-en-la-salud-publica-mundial\/","og_locale":"es_ES","og_type":"article","og_title":"Klebsiella pneumoniae: Un Desaf\u00edo Emergente en la Salud P\u00fablica Mundial - ImagenGlobal","og_description":"Mart\u00ednez Salazar MG, Departamento de Inmunobioqu\u00edmica, INPer, Villavicencio Carrisoza O,Departamento de Inmunobioqu\u00edmica, INPer, Villeda Gabriel G, Departamento de Infectolog\u00eda eInmunolog\u00eda, INPer, Figueroa Dami\u00e1n R, Subdirecci\u00f3n de Investigaci\u00f3n Cl\u00ednica, INPer,Helguera Repetto AC, Departamento de Inmunobioqu\u00edmica, INPer. Klebsiella pneumoniae (Kpn) es una bacteria gramnegativa no m\u00f3vil y anaerobia facultativa de gran relevancia cl\u00ednica, identificada por C. Friedlander&hellip; Leer m\u00e1s","og_url":"https:\/\/imagenglobal.org.mx\/index.php\/2025\/09\/01\/klebsiella-pneumoniae-un-desafio-emergente-en-la-salud-publica-mundial\/","og_site_name":"ImagenGlobal","article_published_time":"2025-09-01T07:00:00+00:00","og_image":[{"width":1200,"height":675,"url":"https:\/\/imagenglobal.org.mx\/wp-content\/uploads\/2025\/08\/Klebsiella-pneumoniae.jpg","type":"image\/jpeg"}],"author":"admin","twitter_card":"summary_large_image","twitter_misc":{"Escrito por":"admin","Tiempo de lectura":"1 minuto"},"schema":{"@context":"https:\/\/schema.org","@graph":[{"@type":"Article","@id":"https:\/\/imagenglobal.org.mx\/index.php\/2025\/09\/01\/klebsiella-pneumoniae-un-desafio-emergente-en-la-salud-publica-mundial\/#article","isPartOf":{"@id":"https:\/\/imagenglobal.org.mx\/index.php\/2025\/09\/01\/klebsiella-pneumoniae-un-desafio-emergente-en-la-salud-publica-mundial\/"},"author":{"name":"admin","@id":"https:\/\/imagenglobal.org.mx\/#\/schema\/person\/f9a554ce4f98a96d314dbb0edccd73f8"},"headline":"Klebsiella pneumoniae: Un Desaf\u00edo Emergente en la Salud P\u00fablica Mundial","datePublished":"2025-09-01T07:00:00+00:00","mainEntityOfPage":{"@id":"https:\/\/imagenglobal.org.mx\/index.php\/2025\/09\/01\/klebsiella-pneumoniae-un-desafio-emergente-en-la-salud-publica-mundial\/"},"wordCount":310,"commentCount":0,"publisher":{"@id":"https:\/\/imagenglobal.org.mx\/#organization"},"image":{"@id":"https:\/\/imagenglobal.org.mx\/index.php\/2025\/09\/01\/klebsiella-pneumoniae-un-desafio-emergente-en-la-salud-publica-mundial\/#primaryimage"},"thumbnailUrl":"https:\/\/imagenglobal.org.mx\/wp-content\/uploads\/2025\/08\/Klebsiella-pneumoniae.jpg","keywords":["Domus Medicorum","INPer","Instituto Nacional de Perinatolog\u00eda Isidro Espinosa de los Reyes","Klebsiella pneumoniae"],"articleSection":["Art\u00edculos"],"inLanguage":"es","potentialAction":[{"@type":"CommentAction","name":"Comment","target":["https:\/\/imagenglobal.org.mx\/index.php\/2025\/09\/01\/klebsiella-pneumoniae-un-desafio-emergente-en-la-salud-publica-mundial\/#respond"]}]},{"@type":"WebPage","@id":"https:\/\/imagenglobal.org.mx\/index.php\/2025\/09\/01\/klebsiella-pneumoniae-un-desafio-emergente-en-la-salud-publica-mundial\/","url":"https:\/\/imagenglobal.org.mx\/index.php\/2025\/09\/01\/klebsiella-pneumoniae-un-desafio-emergente-en-la-salud-publica-mundial\/","name":"Klebsiella pneumoniae: Un Desaf\u00edo Emergente en la Salud P\u00fablica Mundial - ImagenGlobal","isPartOf":{"@id":"https:\/\/imagenglobal.org.mx\/#website"},"primaryImageOfPage":{"@id":"https:\/\/imagenglobal.org.mx\/index.php\/2025\/09\/01\/klebsiella-pneumoniae-un-desafio-emergente-en-la-salud-publica-mundial\/#primaryimage"},"image":{"@id":"https:\/\/imagenglobal.org.mx\/index.php\/2025\/09\/01\/klebsiella-pneumoniae-un-desafio-emergente-en-la-salud-publica-mundial\/#primaryimage"},"thumbnailUrl":"https:\/\/imagenglobal.org.mx\/wp-content\/uploads\/2025\/08\/Klebsiella-pneumoniae.jpg","datePublished":"2025-09-01T07:00:00+00:00","breadcrumb":{"@id":"https:\/\/imagenglobal.org.mx\/index.php\/2025\/09\/01\/klebsiella-pneumoniae-un-desafio-emergente-en-la-salud-publica-mundial\/#breadcrumb"},"inLanguage":"es","potentialAction":[{"@type":"ReadAction","target":["https:\/\/imagenglobal.org.mx\/index.php\/2025\/09\/01\/klebsiella-pneumoniae-un-desafio-emergente-en-la-salud-publica-mundial\/"]}]},{"@type":"ImageObject","inLanguage":"es","@id":"https:\/\/imagenglobal.org.mx\/index.php\/2025\/09\/01\/klebsiella-pneumoniae-un-desafio-emergente-en-la-salud-publica-mundial\/#primaryimage","url":"https:\/\/imagenglobal.org.mx\/wp-content\/uploads\/2025\/08\/Klebsiella-pneumoniae.jpg","contentUrl":"https:\/\/imagenglobal.org.mx\/wp-content\/uploads\/2025\/08\/Klebsiella-pneumoniae.jpg","width":1200,"height":675},{"@type":"BreadcrumbList","@id":"https:\/\/imagenglobal.org.mx\/index.php\/2025\/09\/01\/klebsiella-pneumoniae-un-desafio-emergente-en-la-salud-publica-mundial\/#breadcrumb","itemListElement":[{"@type":"ListItem","position":1,"name":"Portada","item":"https:\/\/imagenglobal.org.mx\/"},{"@type":"ListItem","position":2,"name":"Klebsiella pneumoniae: Un Desaf\u00edo Emergente en la Salud P\u00fablica Mundial"}]},{"@type":"WebSite","@id":"https:\/\/imagenglobal.org.mx\/#website","url":"https:\/\/imagenglobal.org.mx\/","name":"ImagenGlobal","description":"Imagen Global","publisher":{"@id":"https:\/\/imagenglobal.org.mx\/#organization"},"potentialAction":[{"@type":"SearchAction","target":{"@type":"EntryPoint","urlTemplate":"https:\/\/imagenglobal.org.mx\/?s={search_term_string}"},"query-input":{"@type":"PropertyValueSpecification","valueRequired":true,"valueName":"search_term_string"}}],"inLanguage":"es"},{"@type":"Organization","@id":"https:\/\/imagenglobal.org.mx\/#organization","name":"ImagenGlobal","url":"https:\/\/imagenglobal.org.mx\/","logo":{"@type":"ImageObject","inLanguage":"es","@id":"https:\/\/imagenglobal.org.mx\/#\/schema\/logo\/image\/","url":"https:\/\/imagenglobal.org.mx\/wp-content\/uploads\/2025\/02\/LOGO-IG-Trace-White.png","contentUrl":"https:\/\/imagenglobal.org.mx\/wp-content\/uploads\/2025\/02\/LOGO-IG-Trace-White.png","width":829,"height":842,"caption":"ImagenGlobal"},"image":{"@id":"https:\/\/imagenglobal.org.mx\/#\/schema\/logo\/image\/"}},{"@type":"Person","@id":"https:\/\/imagenglobal.org.mx\/#\/schema\/person\/f9a554ce4f98a96d314dbb0edccd73f8","name":"admin","image":{"@type":"ImageObject","inLanguage":"es","@id":"https:\/\/secure.gravatar.com\/avatar\/bba0a366823399c590ad685ce93cc29b12b2b5a68bb3a5cefcd3f8ba6a3c2c95?s=96&d=mm&r=g","url":"https:\/\/secure.gravatar.com\/avatar\/bba0a366823399c590ad685ce93cc29b12b2b5a68bb3a5cefcd3f8ba6a3c2c95?s=96&d=mm&r=g","contentUrl":"https:\/\/secure.gravatar.com\/avatar\/bba0a366823399c590ad685ce93cc29b12b2b5a68bb3a5cefcd3f8ba6a3c2c95?s=96&d=mm&r=g","caption":"admin"},"sameAs":["https:\/\/imagenglobal.org.mx"],"url":"https:\/\/imagenglobal.org.mx\/index.php\/author\/admin_i6njozga\/"}]}},"jetpack_featured_media_url":"https:\/\/imagenglobal.org.mx\/wp-content\/uploads\/2025\/08\/Klebsiella-pneumoniae.jpg","_links":{"self":[{"href":"https:\/\/imagenglobal.org.mx\/index.php\/wp-json\/wp\/v2\/posts\/3035","targetHints":{"allow":["GET"]}}],"collection":[{"href":"https:\/\/imagenglobal.org.mx\/index.php\/wp-json\/wp\/v2\/posts"}],"about":[{"href":"https:\/\/imagenglobal.org.mx\/index.php\/wp-json\/wp\/v2\/types\/post"}],"author":[{"embeddable":true,"href":"https:\/\/imagenglobal.org.mx\/index.php\/wp-json\/wp\/v2\/users\/1"}],"replies":[{"embeddable":true,"href":"https:\/\/imagenglobal.org.mx\/index.php\/wp-json\/wp\/v2\/comments?post=3035"}],"version-history":[{"count":1,"href":"https:\/\/imagenglobal.org.mx\/index.php\/wp-json\/wp\/v2\/posts\/3035\/revisions"}],"predecessor-version":[{"id":3037,"href":"https:\/\/imagenglobal.org.mx\/index.php\/wp-json\/wp\/v2\/posts\/3035\/revisions\/3037"}],"wp:featuredmedia":[{"embeddable":true,"href":"https:\/\/imagenglobal.org.mx\/index.php\/wp-json\/wp\/v2\/media\/3036"}],"wp:attachment":[{"href":"https:\/\/imagenglobal.org.mx\/index.php\/wp-json\/wp\/v2\/media?parent=3035"}],"wp:term":[{"taxonomy":"category","embeddable":true,"href":"https:\/\/imagenglobal.org.mx\/index.php\/wp-json\/wp\/v2\/categories?post=3035"},{"taxonomy":"post_tag","embeddable":true,"href":"https:\/\/imagenglobal.org.mx\/index.php\/wp-json\/wp\/v2\/tags?post=3035"}],"curies":[{"name":"wp","href":"https:\/\/api.w.org\/{rel}","templated":true}]}}